{"id":517,"date":"2021-10-20T15:30:09","date_gmt":"2021-10-20T15:30:09","guid":{"rendered":"https:\/\/cdl-aragon.es\/capa\/?p=517"},"modified":"2021-11-04T10:03:55","modified_gmt":"2021-11-04T10:03:55","slug":"excavacion-arqueologica-del-pozo-de-hielo-de-cegonyer-y-su-musealizacion","status":"publish","type":"post","link":"https:\/\/cdl-aragon.es\/capa\/index.php\/2021\/10\/20\/excavacion-arqueologica-del-pozo-de-hielo-de-cegonyer-y-su-musealizacion\/","title":{"rendered":"Excavaci\u00f3n arqueol\u00f3gica del Pozo de Hielo de Cegony\u00e9r y su musealizaci\u00f3n."},"content":{"rendered":"\n<h3 class=\"wp-block-heading\"><em>Jos\u00e9 Ignacio Lorenzo Lizalde<\/em><\/h3>\n\n\n\n<h4 class=\"wp-block-heading\">Daniel Jones Labrador, Jos\u00e9 Maria Rodan\u00e9s Vicente<\/h4>\n\n\n\n<p>En 2020 y con motivo de unas obras en el Paseo de Barr\u00f3n de Fraga, en confluencia con Plaza de Espa\u00f1a aparecieron unos sillares de piedra. Esta circunstancia motiv\u00f3 que se iniciaran unas excavaciones arqueol\u00f3gicas que dieron luz a una gran obra de unos 10 metros de profundidad y 8 de di\u00e1metro, de trazado circuloide y constituida por sillarejos en hiladas m\u00e1s o menos regulares.<\/p>\n\n\n\n<p>En su interior aparecieron materiales cer\u00e1micos de los siglos XVII y XVIII, as\u00ed como balas de ca\u00f1\u00f3n de diferente calibre.<\/p>\n\n\n\n<div class=\"wp-block-image is-style-default\"><figure class=\"alignright size-large is-resized\"><img loading=\"lazy\" decoding=\"async\" src=\"https:\/\/cdl-aragon.es\/capa\/wp-content\/uploads\/2021\/10\/pozodehieloweb1-1024x768.jpg\" alt=\"\" class=\"wp-image-682\" width=\"385\" height=\"289\" srcset=\"https:\/\/cdl-aragon.es\/capa\/wp-content\/uploads\/2021\/10\/pozodehieloweb1-1024x768.jpg 1024w, https:\/\/cdl-aragon.es\/capa\/wp-content\/uploads\/2021\/10\/pozodehieloweb1-300x225.jpg 300w, https:\/\/cdl-aragon.es\/capa\/wp-content\/uploads\/2021\/10\/pozodehieloweb1-768x576.jpg 768w, https:\/\/cdl-aragon.es\/capa\/wp-content\/uploads\/2021\/10\/pozodehieloweb1-1536x1152.jpg 1536w, https:\/\/cdl-aragon.es\/capa\/wp-content\/uploads\/2021\/10\/pozodehieloweb1.jpg 1575w\" sizes=\"auto, (max-width: 385px) 100vw, 385px\" \/><\/figure><\/div>\n\n\n\n<p>Una vez excavado se pudo constatar que la tipolog\u00eda correspond\u00eda a la de un pozo de hielo urbano, de grandes dimensiones.<\/p>\n\n\n\n<p>El estudio documental en el Archivo Hist\u00f3rico Municipal de Fraga puso de manifiesto una abundante documentaci\u00f3n que identificaba el Pozo como el existente en los siglos XVI y XVII.<\/p>\n\n\n\n<p>Se llev\u00f3 a cabo una recolecta documental y transcripci\u00f3n textual para contextualizar el hallazgo.<\/p>\n\n\n\n<p>El Ayuntamiento de Fraga encarg\u00f3 un proyecto para su musealizaci\u00f3n y urbanizaci\u00f3n de la zona.<\/p>\n\n\n\n<p>El Pozo de Hielo de Cegonyer fue declarado Bien de inter\u00e9s Cultural por el Gobierno de Arag\u00f3n a solicitud del Ayuntamiento de Fraga.<\/p>\n\n\n\n<p>El proyecto se present\u00f3 a la Comisi\u00f3n Provincial de Patrimonio Cultural de Huesca en donde tras varios modificados fue aprobado.<\/p>\n\n\n\n<div class=\"wp-block-image is-style-default\"><figure class=\"alignleft size-large is-resized\"><img loading=\"lazy\" decoding=\"async\" src=\"https:\/\/cdl-aragon.es\/capa\/wp-content\/uploads\/2021\/10\/pozodehieloweb2-1024x768.jpg\" alt=\"\" class=\"wp-image-683\" width=\"512\" height=\"384\" srcset=\"https:\/\/cdl-aragon.es\/capa\/wp-content\/uploads\/2021\/10\/pozodehieloweb2-1024x768.jpg 1024w, https:\/\/cdl-aragon.es\/capa\/wp-content\/uploads\/2021\/10\/pozodehieloweb2-300x225.jpg 300w, https:\/\/cdl-aragon.es\/capa\/wp-content\/uploads\/2021\/10\/pozodehieloweb2-768x576.jpg 768w, https:\/\/cdl-aragon.es\/capa\/wp-content\/uploads\/2021\/10\/pozodehieloweb2-1536x1152.jpg 1536w, https:\/\/cdl-aragon.es\/capa\/wp-content\/uploads\/2021\/10\/pozodehieloweb2.jpg 1575w\" sizes=\"auto, (max-width: 512px) 100vw, 512px\" \/><\/figure><\/div>\n\n\n\n<p><\/p>\n","protected":false},"excerpt":{"rendered":"<p>Jos\u00e9 Ignacio Lorenzo Lizalde Daniel Jones Labrador, Jos\u00e9 Maria Rodan\u00e9s Vicente En 2020 y con motivo de unas obras en el Paseo de Barr\u00f3n de Fraga, en confluencia con Plaza &#8230;<\/p>\n","protected":false},"author":1,"featured_media":683,"comment_status":"open","ping_status":"closed","sticky":false,"template":"","format":"standard","meta":{"_monsterinsights_skip_tracking":false,"_monsterinsights_sitenote_active":false,"_monsterinsights_sitenote_note":"","_monsterinsights_sitenote_category":0,"footnotes":""},"categories":[17,19],"tags":[205,141,206],"class_list":["post-517","post","type-post","status-publish","format-standard","has-post-thumbnail","hentry","category-bloque-3","category-industrial","tag-arqueologia-industrial","tag-musealizacion","tag-pozo-de-hielo"],"_links":{"self":[{"href":"https:\/\/cdl-aragon.es\/capa\/index.php\/wp-json\/wp\/v2\/posts\/517","targetHints":{"allow":["GET"]}}],"collection":[{"href":"https:\/\/cdl-aragon.es\/capa\/index.php\/wp-json\/wp\/v2\/posts"}],"about":[{"href":"https:\/\/cdl-aragon.es\/capa\/index.php\/wp-json\/wp\/v2\/types\/post"}],"author":[{"embeddable":true,"href":"https:\/\/cdl-aragon.es\/capa\/index.php\/wp-json\/wp\/v2\/users\/1"}],"replies":[{"embeddable":true,"href":"https:\/\/cdl-aragon.es\/capa\/index.php\/wp-json\/wp\/v2\/comments?post=517"}],"version-history":[{"count":5,"href":"https:\/\/cdl-aragon.es\/capa\/index.php\/wp-json\/wp\/v2\/posts\/517\/revisions"}],"predecessor-version":[{"id":766,"href":"https:\/\/cdl-aragon.es\/capa\/index.php\/wp-json\/wp\/v2\/posts\/517\/revisions\/766"}],"wp:featuredmedia":[{"embeddable":true,"href":"https:\/\/cdl-aragon.es\/capa\/index.php\/wp-json\/wp\/v2\/media\/683"}],"wp:attachment":[{"href":"https:\/\/cdl-aragon.es\/capa\/index.php\/wp-json\/wp\/v2\/media?parent=517"}],"wp:term":[{"taxonomy":"category","embeddable":true,"href":"https:\/\/cdl-aragon.es\/capa\/index.php\/wp-json\/wp\/v2\/categories?post=517"},{"taxonomy":"post_tag","embeddable":true,"href":"https:\/\/cdl-aragon.es\/capa\/index.php\/wp-json\/wp\/v2\/tags?post=517"}],"curies":[{"name":"wp","href":"https:\/\/api.w.org\/{rel}","templated":true}]}}