{"id":490,"date":"2021-10-20T15:25:10","date_gmt":"2021-10-20T15:25:10","guid":{"rendered":"https:\/\/cdl-aragon.es\/capa\/?p=490"},"modified":"2021-11-05T11:30:04","modified_gmt":"2021-11-05T11:30:04","slug":"la-cuestion-cronologica-en-torno-al-relieve-prerromanico-real-o-imperial-de-luesia-zaragoza-fuentes-y-relaciones-iconograficas","status":"publish","type":"post","link":"https:\/\/cdl-aragon.es\/capa\/index.php\/2021\/10\/20\/la-cuestion-cronologica-en-torno-al-relieve-prerromanico-real-o-imperial-de-luesia-zaragoza-fuentes-y-relaciones-iconograficas\/","title":{"rendered":"La cuesti\u00f3n cronol\u00f3gica en torno al relieve prerrom\u00e1nico \u201c\u00bfreal o imperial?\u201d De Luesia (Zaragoza): fuentes y relaciones iconogr\u00e1ficas."},"content":{"rendered":"\n<h3 class=\"wp-block-heading\"><em>Javier Cabello Garc\u00eda<\/em><\/h3>\n\n\n\n<div class=\"wp-block-image is-style-default\"><figure class=\"alignleft size-large is-resized\"><img loading=\"lazy\" decoding=\"async\" src=\"https:\/\/cdl-aragon.es\/capa\/wp-content\/uploads\/2021\/11\/relievepreromanico1-1024x576.jpg\" alt=\"\" class=\"wp-image-820\" width=\"332\" height=\"186\" srcset=\"https:\/\/cdl-aragon.es\/capa\/wp-content\/uploads\/2021\/11\/relievepreromanico1-1024x576.jpg 1024w, https:\/\/cdl-aragon.es\/capa\/wp-content\/uploads\/2021\/11\/relievepreromanico1-300x169.jpg 300w, https:\/\/cdl-aragon.es\/capa\/wp-content\/uploads\/2021\/11\/relievepreromanico1-768x432.jpg 768w, https:\/\/cdl-aragon.es\/capa\/wp-content\/uploads\/2021\/11\/relievepreromanico1-1536x864.jpg 1536w, https:\/\/cdl-aragon.es\/capa\/wp-content\/uploads\/2021\/11\/relievepreromanico1.jpg 1575w\" sizes=\"auto, (max-width: 332px) 100vw, 332px\" \/><\/figure><\/div>\n\n\n\n<p>Se plantea brevemente en este escrito algunas consideraciones que creo interesantes para enmarcar el contexto hist\u00f3rico y cronol\u00f3gico del famoso relieve luesiano&nbsp; (declarado BIC por el Gobierno de Arag\u00f3n en 2002) y abrir as\u00ed nuevas l\u00edneas de debate e investigaci\u00f3n futuras, as\u00ed como fomentar la cr\u00edtica entre la comunidad cient\u00edfica que, al parecer, ha asumido de una manera total unas cronolog\u00eda en torno al 975 del relieve, identificando al personaje coronado representado como a un rey pamplon\u00e9s sin objeci\u00f3n alguna al respecto, pese a tratarse de un hallazgo fortuito y sin contexto. A lo largo de las siguientes l\u00edneas voy a detallar algunas ideas para abrir el debate sobre la cuesti\u00f3n cronol\u00f3gica del relieve \u201creal\u201d de Luesia, y que, como ya anuncia el propio encabezamiento- considero que posee una ra\u00edz netamente \u201cimperial\u201d m\u00e1s que real, situ\u00e1ndolo en la \u00f3rbita del imperio carolingio propugnada primero por Carlomagno y despu\u00e9s por su hijo y sucesor Ludovico P\u00edo, tal y como muestra las miniaturas de Liber de Laudibus Sanctae Crucis, fechado en la primera mitad del siglo IX y obra de Hrabanus (o Rhabanus) Maurus.<\/p>\n\n\n\n<div class=\"wp-block-image is-style-default\"><figure class=\"alignleft size-large is-resized\"><img loading=\"lazy\" decoding=\"async\" src=\"https:\/\/cdl-aragon.es\/capa\/wp-content\/uploads\/2021\/11\/relievepreromanico2-1024x707.jpg\" alt=\"\" class=\"wp-image-822\" width=\"317\" height=\"218\" srcset=\"https:\/\/cdl-aragon.es\/capa\/wp-content\/uploads\/2021\/11\/relievepreromanico2-1024x707.jpg 1024w, https:\/\/cdl-aragon.es\/capa\/wp-content\/uploads\/2021\/11\/relievepreromanico2-300x207.jpg 300w, https:\/\/cdl-aragon.es\/capa\/wp-content\/uploads\/2021\/11\/relievepreromanico2-768x530.jpg 768w, https:\/\/cdl-aragon.es\/capa\/wp-content\/uploads\/2021\/11\/relievepreromanico2-1536x1060.jpg 1536w, https:\/\/cdl-aragon.es\/capa\/wp-content\/uploads\/2021\/11\/relievepreromanico2.jpg 1575w\" sizes=\"auto, (max-width: 317px) 100vw, 317px\" \/><\/figure><\/div>\n\n\n\n<p>El relieve de Luesia m\u00e1s que representar a uno de los primeros reyes de Pamplona, en realidad nos muestra a uno de los \u00faltimos emperadores de Occidente en suelo hispano. La idea de la renovatio imperii carolingia es el tel\u00f3n ideol\u00f3gico de fondo que nos permite entenderlo en todo su contexto.<\/p>\n","protected":false},"excerpt":{"rendered":"<p>Javier Cabello Garc\u00eda Se plantea brevemente en este escrito algunas consideraciones que creo interesantes para enmarcar el contexto hist\u00f3rico y cronol\u00f3gico del famoso relieve luesiano&nbsp; (declarado BIC por el Gobierno &#8230;<\/p>\n","protected":false},"author":1,"featured_media":820,"comment_status":"open","ping_status":"closed","sticky":false,"template":"","format":"standard","meta":{"_monsterinsights_skip_tracking":false,"_monsterinsights_sitenote_active":false,"_monsterinsights_sitenote_note":"","_monsterinsights_sitenote_category":0,"footnotes":""},"categories":[17,18],"tags":[154,153,152],"class_list":["post-490","post","type-post","status-publish","format-standard","has-post-thumbnail","hentry","category-bloque-3","category-medieval","tag-influencia-carolingia","tag-luesia","tag-relieve-prerromanico"],"_links":{"self":[{"href":"https:\/\/cdl-aragon.es\/capa\/index.php\/wp-json\/wp\/v2\/posts\/490","targetHints":{"allow":["GET"]}}],"collection":[{"href":"https:\/\/cdl-aragon.es\/capa\/index.php\/wp-json\/wp\/v2\/posts"}],"about":[{"href":"https:\/\/cdl-aragon.es\/capa\/index.php\/wp-json\/wp\/v2\/types\/post"}],"author":[{"embeddable":true,"href":"https:\/\/cdl-aragon.es\/capa\/index.php\/wp-json\/wp\/v2\/users\/1"}],"replies":[{"embeddable":true,"href":"https:\/\/cdl-aragon.es\/capa\/index.php\/wp-json\/wp\/v2\/comments?post=490"}],"version-history":[{"count":3,"href":"https:\/\/cdl-aragon.es\/capa\/index.php\/wp-json\/wp\/v2\/posts\/490\/revisions"}],"predecessor-version":[{"id":826,"href":"https:\/\/cdl-aragon.es\/capa\/index.php\/wp-json\/wp\/v2\/posts\/490\/revisions\/826"}],"wp:featuredmedia":[{"embeddable":true,"href":"https:\/\/cdl-aragon.es\/capa\/index.php\/wp-json\/wp\/v2\/media\/820"}],"wp:attachment":[{"href":"https:\/\/cdl-aragon.es\/capa\/index.php\/wp-json\/wp\/v2\/media?parent=490"}],"wp:term":[{"taxonomy":"category","embeddable":true,"href":"https:\/\/cdl-aragon.es\/capa\/index.php\/wp-json\/wp\/v2\/categories?post=490"},{"taxonomy":"post_tag","embeddable":true,"href":"https:\/\/cdl-aragon.es\/capa\/index.php\/wp-json\/wp\/v2\/tags?post=490"}],"curies":[{"name":"wp","href":"https:\/\/api.w.org\/{rel}","templated":true}]}}