{"id":488,"date":"2021-10-20T15:56:56","date_gmt":"2021-10-20T15:56:56","guid":{"rendered":"https:\/\/cdl-aragon.es\/capa\/?p=488"},"modified":"2021-11-05T10:27:38","modified_gmt":"2021-11-05T10:27:38","slug":"la-ceramica-excita-de-los-cintos-de-armantes-ateca-zaragoza-como-marcador-de-relaciones-ebro-meseta-en-los-albores-del-primer-milenio-a-c","status":"publish","type":"post","link":"https:\/\/cdl-aragon.es\/capa\/index.php\/2021\/10\/20\/la-ceramica-excita-de-los-cintos-de-armantes-ateca-zaragoza-como-marcador-de-relaciones-ebro-meseta-en-los-albores-del-primer-milenio-a-c\/","title":{"rendered":"La cer\u00e1mica excisa de los Cintos de Armantes (Ateca, Zaragoza) como marcador de relaciones Ebro Meseta en los albores del primer milenio a.C."},"content":{"rendered":"\n<h3 class=\"wp-block-heading\"><em>Isidro Aguilera Arag\u00f3n<\/em><\/h3>\n\n\n\n<p>El yacimiento de los Cintos de Amantes, situado en el alto Jal\u00f3n, ha ofrecido una homog\u00e9nea muestra de cer\u00e1mica excisa representativa del valle medio del Ebro que su vez comparte ciertos estilemos con las decoraciones que aparecen en yacimientos post-Cogotas I de la cuenca de Henares. Esta simbiosis morfol\u00f3gica y ornamental subraya la conexi\u00f3n que se produjo entre ambos territorios a lo largo del Bronce final y Primera Edad del Hierro.<\/p>\n\n\n\n<p>La mayor antig\u00fcedad de las producciones del estilo Redal, que aparecen en poblados de la vertiente norte del Sistema Ib\u00e9rico, hace plantearnos la posibilidad, ya esbozada por otros autores, de que la aparici\u00f3n de esta peculiar alfarer\u00eda en el centro del valle del Tajo est\u00e9 vinculada o relacionada de alguna manera con la din\u00e1mica de dispersi\u00f3n de estos prototipos a trav\u00e9s de la ancestral v\u00eda de comunicaci\u00f3n que supone el curso del Jal\u00f3n.<\/p>\n","protected":false},"excerpt":{"rendered":"<p>Isidro Aguilera Arag\u00f3n El yacimiento de los Cintos de Amantes, situado en el alto Jal\u00f3n, ha ofrecido una homog\u00e9nea muestra de cer\u00e1mica excisa representativa del valle medio del Ebro que &#8230;<\/p>\n","protected":false},"author":1,"featured_media":0,"comment_status":"open","ping_status":"closed","sticky":false,"template":"","format":"standard","meta":{"_monsterinsights_skip_tracking":false,"_monsterinsights_sitenote_active":false,"_monsterinsights_sitenote_note":"","_monsterinsights_sitenote_category":0,"footnotes":""},"categories":[100,15],"tags":[146,148,147],"class_list":["post-488","post","type-post","status-publish","format-standard","hentry","category-antiguedad","category-bloque-1","tag-ceramica-excisa","tag-jalon","tag-redal"],"_links":{"self":[{"href":"https:\/\/cdl-aragon.es\/capa\/index.php\/wp-json\/wp\/v2\/posts\/488","targetHints":{"allow":["GET"]}}],"collection":[{"href":"https:\/\/cdl-aragon.es\/capa\/index.php\/wp-json\/wp\/v2\/posts"}],"about":[{"href":"https:\/\/cdl-aragon.es\/capa\/index.php\/wp-json\/wp\/v2\/types\/post"}],"author":[{"embeddable":true,"href":"https:\/\/cdl-aragon.es\/capa\/index.php\/wp-json\/wp\/v2\/users\/1"}],"replies":[{"embeddable":true,"href":"https:\/\/cdl-aragon.es\/capa\/index.php\/wp-json\/wp\/v2\/comments?post=488"}],"version-history":[{"count":2,"href":"https:\/\/cdl-aragon.es\/capa\/index.php\/wp-json\/wp\/v2\/posts\/488\/revisions"}],"predecessor-version":[{"id":781,"href":"https:\/\/cdl-aragon.es\/capa\/index.php\/wp-json\/wp\/v2\/posts\/488\/revisions\/781"}],"wp:attachment":[{"href":"https:\/\/cdl-aragon.es\/capa\/index.php\/wp-json\/wp\/v2\/media?parent=488"}],"wp:term":[{"taxonomy":"category","embeddable":true,"href":"https:\/\/cdl-aragon.es\/capa\/index.php\/wp-json\/wp\/v2\/categories?post=488"},{"taxonomy":"post_tag","embeddable":true,"href":"https:\/\/cdl-aragon.es\/capa\/index.php\/wp-json\/wp\/v2\/tags?post=488"}],"curies":[{"name":"wp","href":"https:\/\/api.w.org\/{rel}","templated":true}]}}